{"id":8159,"date":"2023-04-14T21:52:45","date_gmt":"2023-04-14T19:52:45","guid":{"rendered":"https:\/\/www.clubritmicasantfeliu.net\/wordpress\/?p=8159"},"modified":"2023-04-19T21:49:56","modified_gmt":"2023-04-19T19:49:56","slug":"19a-nit-de-lesport","status":"publish","type":"post","link":"https:\/\/www.clubritmicasantfeliu.net\/wordpress\/19a-nit-de-lesport\/","title":{"rendered":"19a nit de l&#8217;esport"},"content":{"rendered":"\t\t<div data-elementor-type=\"wp-post\" data-elementor-id=\"8159\" class=\"elementor elementor-8159\">\n\t\t\t\t\t\t\t\t\t<section class=\"elementor-section elementor-top-section elementor-element elementor-element-11876d7 elementor-section-boxed elementor-section-height-default elementor-section-height-default\" data-id=\"11876d7\" data-element_type=\"section\" data-settings=\"{&quot;jet_parallax_layout_list&quot;:[]}\">\n\t\t\t\t\t\t<div class=\"elementor-container elementor-column-gap-default\">\n\t\t\t\t\t<div class=\"elementor-column elementor-col-100 elementor-top-column elementor-element elementor-element-b3badb7\" data-id=\"b3badb7\" data-element_type=\"column\">\n\t\t\t<div class=\"elementor-widget-wrap elementor-element-populated\">\n\t\t\t\t\t\t\t\t<div class=\"elementor-element elementor-element-f1285ca elementor-aspect-ratio-169 elementor-widget elementor-widget-video\" data-id=\"f1285ca\" data-element_type=\"widget\" data-settings=\"{&quot;video_type&quot;:&quot;hosted&quot;,&quot;controls&quot;:&quot;yes&quot;,&quot;aspect_ratio&quot;:&quot;169&quot;}\" data-widget_type=\"video.default\">\n\t\t\t\t<div class=\"elementor-widget-container\">\n\t\t\t<style>\/*! elementor - v3.8.1 - 13-11-2022 *\/\n.elementor-widget-video .elementor-widget-container{overflow:hidden;-webkit-transform:translateZ(0);transform:translateZ(0)}.elementor-widget-video .elementor-open-inline .elementor-custom-embed-image-overlay{position:absolute;top:0;left:0;width:100%;height:100%;background-size:cover;background-position:50%}.elementor-widget-video .elementor-custom-embed-image-overlay{cursor:pointer;text-align:center}.elementor-widget-video .elementor-custom-embed-image-overlay:hover .elementor-custom-embed-play i{opacity:1}.elementor-widget-video .elementor-custom-embed-image-overlay img{display:block;width:100%}.elementor-widget-video .e-hosted-video .elementor-video{-o-object-fit:cover;object-fit:cover}.e-con-inner>.elementor-widget-video,.e-con>.elementor-widget-video{width:var(--container-widget-width,100%)}<\/style>\t\t<div class=\"e-hosted-video elementor-wrapper elementor-fit-aspect-ratio elementor-open-inline\">\n\t\t\t\t\t<video class=\"elementor-video\" src=\"https:\/\/www.clubritmicasantfeliu.net\/wordpress\/wp-content\/uploads\/2023\/04\/fbf62e71-5f04-4908-ad35-ac1fc2add98c.mp4\" controls=\"\" controlsList=\"nodownload\"><\/video>\n\t\t\t\t<\/div>\n\t\t\t\t<\/div>\n\t\t\t\t<\/div>\n\t\t\t\t\t<\/div>\n\t\t<\/div>\n\t\t\t\t\t\t\t<\/div>\n\t\t<\/section>\n\t\t\t\t<section class=\"elementor-section elementor-top-section elementor-element elementor-element-142d712 elementor-section-boxed elementor-section-height-default elementor-section-height-default\" data-id=\"142d712\" data-element_type=\"section\" data-settings=\"{&quot;jet_parallax_layout_list&quot;:[]}\">\n\t\t\t\t\t\t<div class=\"elementor-container elementor-column-gap-default\">\n\t\t\t\t\t<div class=\"elementor-column elementor-col-100 elementor-top-column elementor-element elementor-element-a0c56c9\" data-id=\"a0c56c9\" data-element_type=\"column\">\n\t\t\t<div class=\"elementor-widget-wrap elementor-element-populated\">\n\t\t\t\t\t\t\t\t<div class=\"elementor-element elementor-element-6b0124b elementor-widget elementor-widget-text-editor\" data-id=\"6b0124b\" data-element_type=\"widget\" data-widget_type=\"text-editor.default\">\n\t\t\t\t<div class=\"elementor-widget-container\">\n\t\t\t<style>\/*! elementor - v3.8.1 - 13-11-2022 *\/\n.elementor-widget-text-editor.elementor-drop-cap-view-stacked .elementor-drop-cap{background-color:#818a91;color:#fff}.elementor-widget-text-editor.elementor-drop-cap-view-framed .elementor-drop-cap{color:#818a91;border:3px solid;background-color:transparent}.elementor-widget-text-editor:not(.elementor-drop-cap-view-default) .elementor-drop-cap{margin-top:8px}.elementor-widget-text-editor:not(.elementor-drop-cap-view-default) .elementor-drop-cap-letter{width:1em;height:1em}.elementor-widget-text-editor .elementor-drop-cap{float:left;text-align:center;line-height:1;font-size:50px}.elementor-widget-text-editor .elementor-drop-cap-letter{display:inline-block}<\/style>\t\t\t\t<p class=\"is-style-plain\"><strong>Entitat: Club R\u00edtmica Santfeliu<\/strong><\/p>\n<p><strong>PREMIAT<\/strong><br \/><strong>Millor esportista mascul\u00ed de menys de 16 anys, que hagi destacat durant la temporada 2020-21<\/strong><\/p>\n<p><!-- \/wp:paragraph --><\/p>\n<p><!-- wp:paragraph --><\/p>\n<p><strong>Xavier Bautista<\/strong>, campi\u00f3 d&#8217;Espanya tres anys consequtius en categories Infantil i junior<\/p>\t\t\t\t\t\t<\/div>\n\t\t\t\t<\/div>\n\t\t\t\t\t<\/div>\n\t\t<\/div>\n\t\t\t\t\t\t\t<\/div>\n\t\t<\/section>\n\t\t\t\t<section class=\"elementor-section elementor-top-section elementor-element elementor-element-40618144 elementor-section-boxed elementor-section-height-default elementor-section-height-default\" data-id=\"40618144\" data-element_type=\"section\" data-settings=\"{&quot;jet_parallax_layout_list&quot;:[]}\">\n\t\t\t\t\t\t<div class=\"elementor-container elementor-column-gap-default\">\n\t\t\t\t\t<div class=\"elementor-column elementor-col-100 elementor-top-column elementor-element elementor-element-623319a5\" data-id=\"623319a5\" data-element_type=\"column\">\n\t\t\t<div class=\"elementor-widget-wrap elementor-element-populated\">\n\t\t\t\t\t\t\t\t<div class=\"elementor-element elementor-element-260836ee elementor-widget elementor-widget-text-editor\" data-id=\"260836ee\" data-element_type=\"widget\" data-widget_type=\"text-editor.default\">\n\t\t\t\t<div class=\"elementor-widget-container\">\n\t\t\t\t\t\t\t<p><!-- wp:media-text {\"mediaId\":8160,\"mediaLink\":\"https:\/\/www.clubritmicasantfeliu.net\/wordpress\/?attachment_id=8160\",\"mediaType\":\"image\"} --><\/p>\n<div class=\"wp-block-media-text alignwide is-stacked-on-mobile\">\n<figure class=\"wp-block-media-text__media\"><a href=\"https:\/\/www.clubritmicasantfeliu.net\/wordpress\/wp-content\/uploads\/2023\/04\/493304e6-f113-4492-838f-1094acb6e3dd.jpg\"><img loading=\"lazy\" decoding=\"async\" class=\"wp-image-8180 size-full alignright\" src=\"https:\/\/www.clubritmicasantfeliu.net\/wordpress\/wp-content\/uploads\/2023\/04\/493304e6-f113-4492-838f-1094acb6e3dd.jpg\" alt=\"\" width=\"1600\" height=\"899\" srcset=\"https:\/\/www.clubritmicasantfeliu.net\/wordpress\/wp-content\/uploads\/2023\/04\/493304e6-f113-4492-838f-1094acb6e3dd.jpg 1600w, https:\/\/www.clubritmicasantfeliu.net\/wordpress\/wp-content\/uploads\/2023\/04\/493304e6-f113-4492-838f-1094acb6e3dd-300x169.jpg 300w, https:\/\/www.clubritmicasantfeliu.net\/wordpress\/wp-content\/uploads\/2023\/04\/493304e6-f113-4492-838f-1094acb6e3dd-1024x575.jpg 1024w, https:\/\/www.clubritmicasantfeliu.net\/wordpress\/wp-content\/uploads\/2023\/04\/493304e6-f113-4492-838f-1094acb6e3dd-768x432.jpg 768w, https:\/\/www.clubritmicasantfeliu.net\/wordpress\/wp-content\/uploads\/2023\/04\/493304e6-f113-4492-838f-1094acb6e3dd-1536x863.jpg 1536w, https:\/\/www.clubritmicasantfeliu.net\/wordpress\/wp-content\/uploads\/2023\/04\/493304e6-f113-4492-838f-1094acb6e3dd-150x85.jpg 150w, https:\/\/www.clubritmicasantfeliu.net\/wordpress\/wp-content\/uploads\/2023\/04\/493304e6-f113-4492-838f-1094acb6e3dd-600x337.jpg 600w\" sizes=\"(max-width: 1600px) 100vw, 1600px\" \/><\/a><\/figure>\n<div class=\"wp-block-media-text__content\">\n<p><!-- wp:paragraph {\"className\":\"is-style-plain\"} --><\/p>\n<p>\u00a0<\/p>\n<p><!-- \/wp:paragraph --><\/p>\n<p><!-- wp:paragraph {\"className\":\"is-style-plain\"} --><\/p>\n<p><!-- \/wp:paragraph --><\/p>\n<p><!-- wp:paragraph --><\/p>\n<p><!-- \/wp:paragraph --><\/p>\n<p><!-- wp:paragraph --><\/p>\n<p>\u00a0<\/p>\n<p>\u00a0<\/p>\n<p>\u00a0<\/p>\n<p>\u00a0<\/p>\n<p><strong>NOMINADES<\/strong><\/p>\n<p><!-- \/wp:paragraph --><\/p>\n<p><!-- wp:paragraph --><\/p>\n<p><strong>Paula Garrote<\/strong><br \/>Per tots el premis guanyats a la temporada 21-22, classificaci\u00f3 a la final nacional i evoluci\u00f3 continuada.<\/p>\n<p><!-- \/wp:paragraph --><\/p>\n<p><!-- wp:paragraph --><\/p>\n<p><strong>Conjunt Pinochos<\/strong><br \/>Per tots els podiums conquerits a totes les competicions de JJEE&#8217;s<\/p>\n<p><!-- \/wp:paragraph --><\/p>\n<\/div>\n<\/div>\n<p><!-- \/wp:media-text --><\/p>\t\t\t\t\t\t<\/div>\n\t\t\t\t<\/div>\n\t\t\t\t<div class=\"elementor-element elementor-element-67e1b61 elementor-widget elementor-widget-text-editor\" data-id=\"67e1b61\" data-element_type=\"widget\" data-widget_type=\"text-editor.default\">\n\t\t\t\t<div class=\"elementor-widget-container\">\n\t\t\t\t\t\t\t<!-- wp:media-text {\"mediaId\":8160,\"mediaLink\":\"https:\/\/www.clubritmicasantfeliu.net\/wordpress\/?attachment_id=8160\",\"mediaType\":\"image\"} -->\n<div class=\"wp-block-media-text alignwide is-stacked-on-mobile\">\n<figure class=\"wp-block-media-text__media\"><a href=\"https:\/\/www.clubritmicasantfeliu.net\/wordpress\/wp-content\/uploads\/2023\/04\/WhatsApp-Image-2023-04-18-at-13.11.08.jpeg\"><img loading=\"lazy\" decoding=\"async\" class=\"alignnone wp-image-8182 size-full\" src=\"https:\/\/www.clubritmicasantfeliu.net\/wordpress\/wp-content\/uploads\/2023\/04\/WhatsApp-Image-2023-04-18-at-13.11.08.jpeg\" alt=\"\" width=\"1200\" height=\"1600\" srcset=\"https:\/\/www.clubritmicasantfeliu.net\/wordpress\/wp-content\/uploads\/2023\/04\/WhatsApp-Image-2023-04-18-at-13.11.08.jpeg 1200w, https:\/\/www.clubritmicasantfeliu.net\/wordpress\/wp-content\/uploads\/2023\/04\/WhatsApp-Image-2023-04-18-at-13.11.08-225x300.jpeg 225w, https:\/\/www.clubritmicasantfeliu.net\/wordpress\/wp-content\/uploads\/2023\/04\/WhatsApp-Image-2023-04-18-at-13.11.08-768x1024.jpeg 768w, https:\/\/www.clubritmicasantfeliu.net\/wordpress\/wp-content\/uploads\/2023\/04\/WhatsApp-Image-2023-04-18-at-13.11.08-1152x1536.jpeg 1152w, https:\/\/www.clubritmicasantfeliu.net\/wordpress\/wp-content\/uploads\/2023\/04\/WhatsApp-Image-2023-04-18-at-13.11.08-600x800.jpeg 600w\" sizes=\"(max-width: 1200px) 100vw, 1200px\" \/><\/a><\/figure>\n<div class=\"wp-block-media-text__content\"><!-- wp:paragraph {\"className\":\"is-style-plain\"} \/--><!-- wp:paragraph {\"className\":\"is-style-plain\"} -->\n<p class=\"is-style-plain\"><strong>MENCI\u00d3 ESPECIAL<\/strong><\/p>\n<p class=\"is-style-plain\"><br \/>Equip T\u00e8cnic de la temporada 20-21 per la seva implicaci\u00f3 davant una situaci\u00f3 tan complicada com va ser el Covid. Per innovar amb entrenaments online i motivar a les gimnastes per continuar practicant aquest esport tancades a casa. Pel desenvolupament d\u2019 \u201cel meu llibret de la r\u00edtmica\u201d, fomentant i explicant el que \u00e9s la r\u00edtmica amb fotos i v\u00eddeos (fets per l@s nostres gimnastes i entrenadores en confinament). On s\u2019inclo\u00efa una guia d\u2019entrenaments i activitat a fer perqu\u00e8 tothom pogu\u00e9s continuar fent r\u00edtmica des de casa. Per implicar a les fam\u00edlies a fer r\u00edtmica juntes, organitzant un concurs on tothom, pares, mares, avis, avies, les nostres gimnastes i fins i tot les mascotes van participar fent d\u2019aquest esdeveniment una diada de germanor i alegria en moments dif\u00edcils. Per no oblidar-se de l\u2019esperit competitiu del nostre esport, organitzant online un trofeu per les nostres gimnastes, on vam poder gaudir de tota la feina feta en confinament. I a la par entrenar presencialment amb els equips que s\u00ed podien fer-ho i participant a les competicions oficials online I sobre tot, per la seva implicaci\u00f3 amb aquest esport, amb el nostre club i l\u2019estima i l\u2019acompanyament personal a les nostres gimnastes.<\/p>\n<!-- \/wp:paragraph --><!-- wp:paragraph \/--><!-- wp:paragraph \/--><\/div>\n<\/div>\n<!-- \/wp:media-text -->\t\t\t\t\t\t<\/div>\n\t\t\t\t<\/div>\n\t\t\t\t\t<\/div>\n\t\t<\/div>\n\t\t\t\t\t\t\t<\/div>\n\t\t<\/section>\n\t\t\t\t\t\t\t<\/div>\n\t\t","protected":false},"excerpt":{"rendered":"<p>https:\/\/www.clubritmicasantfeliu.net\/wordpress\/wp-content\/uploads\/2023\/04\/fbf62e71-5f04-4908-ad35-ac1fc2add98c.mp4 Entitat: Club R\u00edtmica Santfeliu PREMIATMillor esportista mascul\u00ed de menys de 16 anys, que hagi destacat durant la temporada 2020-21 Xavier Bautista, campi\u00f3 d&#8217;Espanya tres anys consequtius en categories Infantil i junior \u00a0 \u00a0 \u00a0 \u00a0 \u00a0 NOMINADES Paula GarrotePer tots el premis guanyats a la temporada 21-22, classificaci\u00f3 a la final nacional i evoluci\u00f3 [&hellip;]<\/p>\n","protected":false},"author":1,"featured_media":8160,"comment_status":"closed","ping_status":"closed","sticky":false,"template":"","format":"standard","meta":{"footnotes":""},"categories":[1],"tags":[],"_links":{"self":[{"href":"https:\/\/www.clubritmicasantfeliu.net\/wordpress\/wp-json\/wp\/v2\/posts\/8159"}],"collection":[{"href":"https:\/\/www.clubritmicasantfeliu.net\/wordpress\/wp-json\/wp\/v2\/posts"}],"about":[{"href":"https:\/\/www.clubritmicasantfeliu.net\/wordpress\/wp-json\/wp\/v2\/types\/post"}],"author":[{"embeddable":true,"href":"https:\/\/www.clubritmicasantfeliu.net\/wordpress\/wp-json\/wp\/v2\/users\/1"}],"replies":[{"embeddable":true,"href":"https:\/\/www.clubritmicasantfeliu.net\/wordpress\/wp-json\/wp\/v2\/comments?post=8159"}],"version-history":[{"count":10,"href":"https:\/\/www.clubritmicasantfeliu.net\/wordpress\/wp-json\/wp\/v2\/posts\/8159\/revisions"}],"predecessor-version":[{"id":8191,"href":"https:\/\/www.clubritmicasantfeliu.net\/wordpress\/wp-json\/wp\/v2\/posts\/8159\/revisions\/8191"}],"wp:featuredmedia":[{"embeddable":true,"href":"https:\/\/www.clubritmicasantfeliu.net\/wordpress\/wp-json\/wp\/v2\/media\/8160"}],"wp:attachment":[{"href":"https:\/\/www.clubritmicasantfeliu.net\/wordpress\/wp-json\/wp\/v2\/media?parent=8159"}],"wp:term":[{"taxonomy":"category","embeddable":true,"href":"https:\/\/www.clubritmicasantfeliu.net\/wordpress\/wp-json\/wp\/v2\/categories?post=8159"},{"taxonomy":"post_tag","embeddable":true,"href":"https:\/\/www.clubritmicasantfeliu.net\/wordpress\/wp-json\/wp\/v2\/tags?post=8159"}],"curies":[{"name":"wp","href":"https:\/\/api.w.org\/{rel}","templated":true}]}}