{"id":6568,"date":"2020-01-21T13:41:04","date_gmt":"2020-01-21T12:41:04","guid":{"rendered":"http:\/\/www.clubritmicasantfeliu.net\/wordpress\/?p=6568"},"modified":"2020-01-21T13:42:50","modified_gmt":"2020-01-21T12:42:50","slug":"anul-lacio-activitats-espotives","status":"publish","type":"post","link":"https:\/\/www.clubritmicasantfeliu.net\/wordpress\/anul-lacio-activitats-espotives\/","title":{"rendered":"Anul.laci\u00f3 activitats esportives"},"content":{"rendered":"\n<div class=\"wp-block-media-text alignwide\"><figure class=\"wp-block-media-text__media\"><img loading=\"lazy\" decoding=\"async\" width=\"1024\" height=\"576\" src=\"https:\/\/www.clubritmicasantfeliu.net\/wordpress\/wp-content\/uploads\/2020\/01\/Borrasca-Nieve-Frio-Temporales-Meteorologia_461215830_142855983_1706x960-1024x576.jpg\" alt=\"\" class=\"wp-image-6569\" srcset=\"https:\/\/www.clubritmicasantfeliu.net\/wordpress\/wp-content\/uploads\/2020\/01\/Borrasca-Nieve-Frio-Temporales-Meteorologia_461215830_142855983_1706x960-1024x576.jpg 1024w, https:\/\/www.clubritmicasantfeliu.net\/wordpress\/wp-content\/uploads\/2020\/01\/Borrasca-Nieve-Frio-Temporales-Meteorologia_461215830_142855983_1706x960-300x169.jpg 300w, https:\/\/www.clubritmicasantfeliu.net\/wordpress\/wp-content\/uploads\/2020\/01\/Borrasca-Nieve-Frio-Temporales-Meteorologia_461215830_142855983_1706x960-768x432.jpg 768w, https:\/\/www.clubritmicasantfeliu.net\/wordpress\/wp-content\/uploads\/2020\/01\/Borrasca-Nieve-Frio-Temporales-Meteorologia_461215830_142855983_1706x960-1536x864.jpg 1536w, https:\/\/www.clubritmicasantfeliu.net\/wordpress\/wp-content\/uploads\/2020\/01\/Borrasca-Nieve-Frio-Temporales-Meteorologia_461215830_142855983_1706x960-150x85.jpg 150w, https:\/\/www.clubritmicasantfeliu.net\/wordpress\/wp-content\/uploads\/2020\/01\/Borrasca-Nieve-Frio-Temporales-Meteorologia_461215830_142855983_1706x960-600x338.jpg 600w, https:\/\/www.clubritmicasantfeliu.net\/wordpress\/wp-content\/uploads\/2020\/01\/Borrasca-Nieve-Frio-Temporales-Meteorologia_461215830_142855983_1706x960.jpg 1706w\" sizes=\"(max-width: 1024px) 100vw, 1024px\" \/><\/figure><div class=\"wp-block-media-text__content\">\n<p>Davant la previsi\u00f3 de fortes ventades per a les properes hores han quedat suspeses les activitats municipals a la ciutat.<br>Els parcs&nbsp;i jardins de la ciutat romandran tancats fins a nou av\u00eds, a fi de reduir els riscos per a la poblaci\u00f3.<br>Durant la fase d&#8217;alerta no \u00e9s perm\u00e8s fer cremes ni focs en tota la zona del Parc Agrari.<\/p>\n<\/div><\/div>\n","protected":false},"excerpt":{"rendered":"<p>Davant la previsi\u00f3 de fortes ventades per a les properes hores han quedat suspeses les activitats municipals a la ciutat.Els parcs&nbsp;i jardins de la ciutat romandran tancats fins a nou av\u00eds, a fi de reduir els riscos per a la poblaci\u00f3.Durant la fase d&#8217;alerta no \u00e9s perm\u00e8s fer cremes ni focs en tota la zona [&hellip;]<\/p>\n","protected":false},"author":1,"featured_media":6569,"comment_status":"closed","ping_status":"closed","sticky":false,"template":"","format":"standard","meta":{"footnotes":""},"categories":[1],"tags":[],"_links":{"self":[{"href":"https:\/\/www.clubritmicasantfeliu.net\/wordpress\/wp-json\/wp\/v2\/posts\/6568"}],"collection":[{"href":"https:\/\/www.clubritmicasantfeliu.net\/wordpress\/wp-json\/wp\/v2\/posts"}],"about":[{"href":"https:\/\/www.clubritmicasantfeliu.net\/wordpress\/wp-json\/wp\/v2\/types\/post"}],"author":[{"embeddable":true,"href":"https:\/\/www.clubritmicasantfeliu.net\/wordpress\/wp-json\/wp\/v2\/users\/1"}],"replies":[{"embeddable":true,"href":"https:\/\/www.clubritmicasantfeliu.net\/wordpress\/wp-json\/wp\/v2\/comments?post=6568"}],"version-history":[{"count":3,"href":"https:\/\/www.clubritmicasantfeliu.net\/wordpress\/wp-json\/wp\/v2\/posts\/6568\/revisions"}],"predecessor-version":[{"id":6572,"href":"https:\/\/www.clubritmicasantfeliu.net\/wordpress\/wp-json\/wp\/v2\/posts\/6568\/revisions\/6572"}],"wp:featuredmedia":[{"embeddable":true,"href":"https:\/\/www.clubritmicasantfeliu.net\/wordpress\/wp-json\/wp\/v2\/media\/6569"}],"wp:attachment":[{"href":"https:\/\/www.clubritmicasantfeliu.net\/wordpress\/wp-json\/wp\/v2\/media?parent=6568"}],"wp:term":[{"taxonomy":"category","embeddable":true,"href":"https:\/\/www.clubritmicasantfeliu.net\/wordpress\/wp-json\/wp\/v2\/categories?post=6568"},{"taxonomy":"post_tag","embeddable":true,"href":"https:\/\/www.clubritmicasantfeliu.net\/wordpress\/wp-json\/wp\/v2\/tags?post=6568"}],"curies":[{"name":"wp","href":"https:\/\/api.w.org\/{rel}","templated":true}]}}