{"id":4730,"date":"2015-02-16T20:35:38","date_gmt":"2015-02-16T20:35:38","guid":{"rendered":"http:\/\/www.clubritmicasantfeliu.net\/wordpress\/?p=4730"},"modified":"2015-02-16T20:35:38","modified_gmt":"2015-02-16T20:35:38","slug":"1a-fase-jjees","status":"publish","type":"post","link":"https:\/\/www.clubritmicasantfeliu.net\/wordpress\/1a-fase-jjees\/","title":{"rendered":"1a fase JJEE&#8217;s"},"content":{"rendered":"<p><strong>Pre-Benjam\u00ed i Benjam\u00ed<\/strong><br \/>\n24\/1\/2015 Viladecans<br \/>\nPavell\u00f3 Municipal del Centre,<br \/>\nAvda. de la Generalitat, 6<\/p>\n<p><a href=\"https:\/\/www.clubritmicasantfeliu.net\/wordpress\/wp-content\/uploads\/2015\/02\/3442.pdf\">Orden de sortida<br \/>\n<\/a><a href=\"https:\/\/www.clubritmicasantfeliu.net\/wordpress\/wp-content\/uploads\/2015\/02\/3447.pdf\">Clasificaci\u00f3<\/a><\/p>\n<p><strong>Alev\u00ed, Infantil, Cadet i Juvenil<\/strong><br \/>\n31\/1\/2015 Sant Feliu de Llobregat<br \/>\nPavell\u00f3 Municipal Andrey Xepkin,<br \/>\nMatar\u00f3, s\/n<\/p>\n<p><a href=\"https:\/\/www.clubritmicasantfeliu.net\/wordpress\/wp-content\/uploads\/2015\/02\/3454.pdf\">Orden de sortida<br \/>\n<\/a><a href=\"https:\/\/www.clubritmicasantfeliu.net\/wordpress\/wp-content\/uploads\/2015\/02\/3467.pdf\">Classificaci\u00f3<\/a><\/p>\n","protected":false},"excerpt":{"rendered":"<p>Pre-Benjam\u00ed i Benjam\u00ed 24\/1\/2015 Viladecans Pavell\u00f3 Municipal del Centre, Avda. de la Generalitat, 6 Orden de sortida Clasificaci\u00f3 Alev\u00ed, Infantil, Cadet i Juvenil 31\/1\/2015 Sant Feliu de Llobregat Pavell\u00f3 Municipal Andrey Xepkin, Matar\u00f3, s\/n Orden de sortida Classificaci\u00f3<\/p>\n","protected":false},"author":1,"featured_media":0,"comment_status":"closed","ping_status":"closed","sticky":false,"template":"","format":"standard","meta":{"footnotes":""},"categories":[84,1],"tags":[],"_links":{"self":[{"href":"https:\/\/www.clubritmicasantfeliu.net\/wordpress\/wp-json\/wp\/v2\/posts\/4730"}],"collection":[{"href":"https:\/\/www.clubritmicasantfeliu.net\/wordpress\/wp-json\/wp\/v2\/posts"}],"about":[{"href":"https:\/\/www.clubritmicasantfeliu.net\/wordpress\/wp-json\/wp\/v2\/types\/post"}],"author":[{"embeddable":true,"href":"https:\/\/www.clubritmicasantfeliu.net\/wordpress\/wp-json\/wp\/v2\/users\/1"}],"replies":[{"embeddable":true,"href":"https:\/\/www.clubritmicasantfeliu.net\/wordpress\/wp-json\/wp\/v2\/comments?post=4730"}],"version-history":[{"count":1,"href":"https:\/\/www.clubritmicasantfeliu.net\/wordpress\/wp-json\/wp\/v2\/posts\/4730\/revisions"}],"predecessor-version":[{"id":4735,"href":"https:\/\/www.clubritmicasantfeliu.net\/wordpress\/wp-json\/wp\/v2\/posts\/4730\/revisions\/4735"}],"wp:attachment":[{"href":"https:\/\/www.clubritmicasantfeliu.net\/wordpress\/wp-json\/wp\/v2\/media?parent=4730"}],"wp:term":[{"taxonomy":"category","embeddable":true,"href":"https:\/\/www.clubritmicasantfeliu.net\/wordpress\/wp-json\/wp\/v2\/categories?post=4730"},{"taxonomy":"post_tag","embeddable":true,"href":"https:\/\/www.clubritmicasantfeliu.net\/wordpress\/wp-json\/wp\/v2\/tags?post=4730"}],"curies":[{"name":"wp","href":"https:\/\/api.w.org\/{rel}","templated":true}]}}