{"id":4207,"date":"2014-07-13T18:06:05","date_gmt":"2014-07-13T18:06:05","guid":{"rendered":"http:\/\/www.clubritmicasantfeliu.net\/wordpress\/?p=4207"},"modified":"2019-12-03T20:32:07","modified_gmt":"2019-12-03T19:32:07","slug":"ritmica-en-pijama-2014","status":"publish","type":"post","link":"https:\/\/www.clubritmicasantfeliu.net\/wordpress\/ritmica-en-pijama-2014\/","title":{"rendered":"II R\u00edtmica en Pijama 2014"},"content":{"rendered":"\n<figure class=\"wp-block-table\"><table class=\"\"><tbody><tr><td>El <strong>viernes 26 de Septiembre<\/strong>, CRSF ofrece a sus  gimnastas,\u00a0 por segundo a\u00f1o consecutivo, la oportunidad de venir a  jugar, a hacer talleres de r\u00edtmica y a dormir con sus amigos\u00a0 del club. Y  no s\u00f3lo con sus compa\u00f1eros de entreno, tambi\u00e9n podr\u00e1n venir hermanos  que no est\u00e9n practicando el deporte e incluso amigos que no est\u00e9n en  nuestro club.<br>\u00a1El \u00fanico requisito es querer pas\u00e1rselo bien!<br>Este  a\u00f1o entre las actividades que tenemos preparadas ofrecemos,  exhibiciones, concurso de baile, juegos, y la compa\u00f1ia de J\u00falia Us\u00f3n  y\u00a0 Marina Fernandez.<\/td><td>El club proporcionar\u00e1 la cena del viernes  y el desayuno del s\u00e1bado. \u00a1Va a ser fant\u00e1stico!. La hora de llegada es a las 21,00 del viernes y los ni\u00f1os deber\u00e1n ser recogidos despu\u00e9s de desayunar el s\u00e1bado a las 11,00 horas.<br>Lo \u00fanico que necesitan traer son las ganas de divertirse, <strong>pijama, un saco de dormir,\u00a0 almohada<\/strong> <strong>(peluches si los tienen) y cepillo de dientes<\/strong>.<br>Os rogamos nos confirm\u00e9is antes del 20 de Septiembre , pues tenemos un  cupo m\u00e1ximo de plazas y una vez lleno ya no ser\u00e1 posible asistir. Precio  20\u20ac. Para m\u00e1s informaci\u00f3n y confirmaci\u00f3n enviar autorizaci\u00f3n a: <strong>ritmicasanfe@hotmail.com<\/strong><br><br><a href=\"https:\/\/www.clubritmicasantfeliu.net\/wordpress\/wp-content\/uploads\/2013\/07\/Fiesta-Pijama-autorizaci\u00f3n.pdf\">Fiesta Pijama- autorizaci\u00f3n<\/a><\/td><\/tr><\/tbody><\/table><\/figure>\n\n\n\n<figure class=\"wp-block-image size-large\"><img loading=\"lazy\" decoding=\"async\" width=\"806\" height=\"456\" src=\"https:\/\/www.clubritmicasantfeliu.net\/wordpress\/wp-content\/uploads\/2011\/09\/130920_GR-Sant-Feliu_0032.jpg\" alt=\"\" class=\"wp-image-4187\" srcset=\"https:\/\/www.clubritmicasantfeliu.net\/wordpress\/wp-content\/uploads\/2011\/09\/130920_GR-Sant-Feliu_0032.jpg 806w, https:\/\/www.clubritmicasantfeliu.net\/wordpress\/wp-content\/uploads\/2011\/09\/130920_GR-Sant-Feliu_0032-300x170.jpg 300w, https:\/\/www.clubritmicasantfeliu.net\/wordpress\/wp-content\/uploads\/2011\/09\/130920_GR-Sant-Feliu_0032-768x435.jpg 768w, https:\/\/www.clubritmicasantfeliu.net\/wordpress\/wp-content\/uploads\/2011\/09\/130920_GR-Sant-Feliu_0032-150x85.jpg 150w, https:\/\/www.clubritmicasantfeliu.net\/wordpress\/wp-content\/uploads\/2011\/09\/130920_GR-Sant-Feliu_0032-600x339.jpg 600w\" sizes=\"(max-width: 806px) 100vw, 806px\" \/><figcaption>Foto septiembre-2013<\/figcaption><\/figure>\n","protected":false},"excerpt":{"rendered":"<p>El viernes 26 de Septiembre, CRSF ofrece a sus gimnastas,\u00a0 por segundo a\u00f1o consecutivo, la oportunidad de venir a jugar, a hacer talleres de r\u00edtmica y a dormir con sus amigos\u00a0 del club. Y no s\u00f3lo con sus compa\u00f1eros de entreno, tambi\u00e9n podr\u00e1n venir hermanos que no est\u00e9n practicando el deporte e incluso amigos que [&hellip;]<\/p>\n","protected":false},"author":1,"featured_media":4187,"comment_status":"closed","ping_status":"closed","sticky":false,"template":"","format":"standard","meta":{"footnotes":""},"categories":[234],"tags":[],"_links":{"self":[{"href":"https:\/\/www.clubritmicasantfeliu.net\/wordpress\/wp-json\/wp\/v2\/posts\/4207"}],"collection":[{"href":"https:\/\/www.clubritmicasantfeliu.net\/wordpress\/wp-json\/wp\/v2\/posts"}],"about":[{"href":"https:\/\/www.clubritmicasantfeliu.net\/wordpress\/wp-json\/wp\/v2\/types\/post"}],"author":[{"embeddable":true,"href":"https:\/\/www.clubritmicasantfeliu.net\/wordpress\/wp-json\/wp\/v2\/users\/1"}],"replies":[{"embeddable":true,"href":"https:\/\/www.clubritmicasantfeliu.net\/wordpress\/wp-json\/wp\/v2\/comments?post=4207"}],"version-history":[{"count":5,"href":"https:\/\/www.clubritmicasantfeliu.net\/wordpress\/wp-json\/wp\/v2\/posts\/4207\/revisions"}],"predecessor-version":[{"id":6466,"href":"https:\/\/www.clubritmicasantfeliu.net\/wordpress\/wp-json\/wp\/v2\/posts\/4207\/revisions\/6466"}],"wp:featuredmedia":[{"embeddable":true,"href":"https:\/\/www.clubritmicasantfeliu.net\/wordpress\/wp-json\/wp\/v2\/media\/4187"}],"wp:attachment":[{"href":"https:\/\/www.clubritmicasantfeliu.net\/wordpress\/wp-json\/wp\/v2\/media?parent=4207"}],"wp:term":[{"taxonomy":"category","embeddable":true,"href":"https:\/\/www.clubritmicasantfeliu.net\/wordpress\/wp-json\/wp\/v2\/categories?post=4207"},{"taxonomy":"post_tag","embeddable":true,"href":"https:\/\/www.clubritmicasantfeliu.net\/wordpress\/wp-json\/wp\/v2\/tags?post=4207"}],"curies":[{"name":"wp","href":"https:\/\/api.w.org\/{rel}","templated":true}]}}