{"id":3527,"date":"2013-05-27T14:16:15","date_gmt":"2013-05-27T14:16:15","guid":{"rendered":"http:\/\/www.clubritmicasantfeliu.net\/wordpress\/?p=3527"},"modified":"2013-05-27T14:16:15","modified_gmt":"2013-05-27T14:16:15","slug":"trofeig-barcelona-comarques-conjunts","status":"publish","type":"post","link":"https:\/\/www.clubritmicasantfeliu.net\/wordpress\/trofeig-barcelona-comarques-conjunts\/","title":{"rendered":"Trofeig Barcelona Comarques Conjunts"},"content":{"rendered":"<h1><a href=\"https:\/\/www.clubritmicasantfeliu.net\/wordpress\/wp-content\/uploads\/2013\/05\/ORDEN-SALIDA-BCN-Comarques-conjunt-13.pdf\">ORDEN SALIDA BCN Comarques conjunt 13<\/a><\/h1>\n<h1><\/h1>\n<h1><em><strong>Tota la Informaci\u00f3<\/strong><\/em><\/h1>\n<p>A continuaci\u00f3 os detallem el programa del dissabte 1 de juny\u201913 al Pavell\u00f3 Municipal Maria V\u00edctor de Palau-solit\u00e0 i Plegamans, Passeig de la Carrerada s\/n i us adjuntem l\u2019ordre de sortida.<\/p>\n<p><strong>PROGRAMA:<\/strong><\/p>\n<p><strong>7.45: Benvinguda i entrega de fitxes nivell A\u00a0 i B (2).<\/strong><\/p>\n<p><strong>7.50-7.55: Escalfament de conjuntsl nivell A.<\/strong><\/p>\n<p><strong>7.55-8.00: Escalfament Pre-benjam\u00ed.<\/strong><\/p>\n<p><strong>8.00-8.05: Escalfament Benjam\u00ed<\/strong><\/p>\n<p><strong>8.05-8.10: Escalfament Alev\u00ed<\/strong><\/p>\n<p><strong>8.10-8.15: Escalfament Infantil<\/strong><\/p>\n<p><strong>8.15-8.20: Escalfament Cadet \/ Juvenil<\/strong><\/p>\n<p><strong>8.20-11.20: Inici competici\u00f3 conjunts nivell A<\/strong><\/p>\n<p><strong>10.30: Entrega de fitxes promoci\u00f3 B (2) nom\u00e9s les que participin en aquesta categoria.<\/strong><\/p>\n<p><strong>11.30: Desfilada i lliurament de premis nivell A<\/strong><\/p>\n<p><strong>11.35-11.40:Escalfament conjunts promoci\u00f3 B<\/strong><\/p>\n<p><strong>11.40-11.45: Escalfament Pre-benjam\u00ed.<\/strong><\/p>\n<p><strong>11.45-11.50: Escalfament Benjam\u00ed<\/strong><\/p>\n<p><strong>11.50-11.55: Escalfament Alev\u00ed<\/strong><\/p>\n<p><strong>11.55-12.00: Escalfament Infantil<\/strong><\/p>\n<p><strong>12.00-12.05: Escalfament Cadet \/ Juvenil<\/strong><\/p>\n<p><strong>12.05-14.30: Inici Competici\u00f3 conjunt promoci\u00f3 B.<\/strong><\/p>\n<p><strong>14.30: Desfilada i Lliurament de premis promoci\u00f3 B.<\/strong><\/p>\n<p><strong>Nota: el programa queda pendent de canvis d\u2019horaris segons inscripcions. Els horaris son orientatius, ja que poden ser modificats depenen del ritme de la competici\u00f3 i pot avan\u00e7ar l\u2019inici de la competici\u00f3 promoci\u00f3 B<\/strong><\/p>\n<p>&nbsp;<\/p>\n<p>Per poder complir amb els horaris estipulats demanen als clubs i entrenadores que col\u00b7laboreu amb l\u2019organitzaci\u00f3:<\/p>\n<p>1.\u00a0\u00a0\u00a0\u00a0\u00a0\u00a0 L\u2019entrega de les fitxes tan per nivell A com nivell B ser\u00e0 de 7.45h<\/p>\n<p>2.\u00a0\u00a0\u00a0\u00a0\u00a0\u00a0 Cap pare\/mare podr\u00e0 estar als vestuaris ni a la pista.<\/p>\n<p>3.\u00a0\u00a0\u00a0\u00a0\u00a0\u00a0 A la pista NO \u00c9S PERMET: BEURE, MENJAR, MAQUILLAR I PINTAR<\/p>\n<p>4.\u00a0\u00a0\u00a0\u00a0\u00a0\u00a0 La zona d&#8217;escalfament \u00e9s just al costat de la mateixa pista, us demanem MOLT SERIOSAMENT, que a la zona d&#8217;escalfament nom\u00e9s hi hagin les gimnastes de la promoci\u00f3 que toqui.<\/p>\n<p>5.\u00a0\u00a0\u00a0\u00a0\u00a0\u00a0 Quan la gimnasta tingui que preparar-se per sortir, posar-se a la zona de la sortida que toqui<\/p>\n<p>6.\u00a0\u00a0\u00a0\u00a0\u00a0\u00a0 Quan la gimnasta hagi competit haura de pujar a les grades, no es poden quedar a la pista.<\/p>\n<p>7.\u00a0\u00a0\u00a0\u00a0\u00a0\u00a0 Un cop finalitzat cada nivell preparar a les gimn\u00e0stes per la desfilada.<\/p>\n<p>8.\u00a0\u00a0\u00a0\u00a0\u00a0\u00a0 Us recordem que CAP GIMN\u00c0STA QUE HAGI PARTICIPAT EN UNA PROVA ORGANITZADA PER LA FEDERACI\u00d3 SER\u00c0 PUNTUADA EN LA COMPETICI\u00d3<\/p>\n","protected":false},"excerpt":{"rendered":"<p>ORDEN SALIDA BCN Comarques conjunt 13 Tota la Informaci\u00f3 A continuaci\u00f3 os detallem el programa del dissabte 1 de juny\u201913 al Pavell\u00f3 Municipal Maria V\u00edctor de Palau-solit\u00e0 i Plegamans, Passeig de la Carrerada s\/n i us adjuntem l\u2019ordre de sortida. PROGRAMA: 7.45: Benvinguda i entrega de fitxes nivell A\u00a0 i B (2). 7.50-7.55: Escalfament de [&hellip;]<\/p>\n","protected":false},"author":1,"featured_media":3529,"comment_status":"closed","ping_status":"open","sticky":false,"template":"","format":"standard","meta":{"footnotes":""},"categories":[84,189,1],"tags":[],"_links":{"self":[{"href":"https:\/\/www.clubritmicasantfeliu.net\/wordpress\/wp-json\/wp\/v2\/posts\/3527"}],"collection":[{"href":"https:\/\/www.clubritmicasantfeliu.net\/wordpress\/wp-json\/wp\/v2\/posts"}],"about":[{"href":"https:\/\/www.clubritmicasantfeliu.net\/wordpress\/wp-json\/wp\/v2\/types\/post"}],"author":[{"embeddable":true,"href":"https:\/\/www.clubritmicasantfeliu.net\/wordpress\/wp-json\/wp\/v2\/users\/1"}],"replies":[{"embeddable":true,"href":"https:\/\/www.clubritmicasantfeliu.net\/wordpress\/wp-json\/wp\/v2\/comments?post=3527"}],"version-history":[{"count":2,"href":"https:\/\/www.clubritmicasantfeliu.net\/wordpress\/wp-json\/wp\/v2\/posts\/3527\/revisions"}],"predecessor-version":[{"id":3531,"href":"https:\/\/www.clubritmicasantfeliu.net\/wordpress\/wp-json\/wp\/v2\/posts\/3527\/revisions\/3531"}],"wp:featuredmedia":[{"embeddable":true,"href":"https:\/\/www.clubritmicasantfeliu.net\/wordpress\/wp-json\/wp\/v2\/media\/3529"}],"wp:attachment":[{"href":"https:\/\/www.clubritmicasantfeliu.net\/wordpress\/wp-json\/wp\/v2\/media?parent=3527"}],"wp:term":[{"taxonomy":"category","embeddable":true,"href":"https:\/\/www.clubritmicasantfeliu.net\/wordpress\/wp-json\/wp\/v2\/categories?post=3527"},{"taxonomy":"post_tag","embeddable":true,"href":"https:\/\/www.clubritmicasantfeliu.net\/wordpress\/wp-json\/wp\/v2\/tags?post=3527"}],"curies":[{"name":"wp","href":"https:\/\/api.w.org\/{rel}","templated":true}]}}