{"id":3390,"date":"2012-11-27T17:16:27","date_gmt":"2012-11-27T17:16:27","guid":{"rendered":"http:\/\/www.clubritmicasantfeliu.net\/wordpress\/?p=3390"},"modified":"2012-11-27T17:19:00","modified_gmt":"2012-11-27T17:19:00","slug":"1a-copa-de-espana-3011-y-1-2122012","status":"publish","type":"post","link":"https:\/\/www.clubritmicasantfeliu.net\/wordpress\/1a-copa-de-espana-3011-y-1-2122012\/","title":{"rendered":"1\u00aa Copa de Espa\u00f1a 30\/11 y 1-2\/12\/2012"},"content":{"rendered":"<ul>\n<li>El pr\u00f3ximo fin de semana nuestro equipo de Gimnasia Est\u00e9tica viajan a Albacete para participar, en lo que ser\u00e1 su primera competici\u00f3n oficial, la 1\u00aa fase de la Copa de Espa\u00f1a y por esto su entrenadora Anna Castellano pide:<\/li>\n<li>\u00abESTE JUEVES 29 A LAS 20.30 EL CLUB RITMICA SANT FELIU DE GIMNASIA ESTETICA PRESENTAR\u00c1 EL EQUIPO DE COMPETICI\u00d3N. NO OS PERDAIS EL ESTRENO. OS ESPERAMOS A TODOS, NUESTRAS GIMNASTAS MAYORES NECESITAN LA FUERZA DE TODAS SUS COMPA\u00d1ERAS DE SANT FELIU.\u00bb<\/li>\n<li>Mucha suerte!!! a Saray, Laura, Ainoa, Mireia, Judith, Andrea, (Marta y Nuria, que no est\u00e1n en la foto).<\/li>\n<li>os desea vuestro club!!!<\/li>\n<\/ul>\n<p><a href=\"https:\/\/www.clubritmicasantfeliu.net\/wordpress\/wp-content\/uploads\/2012\/11\/grupo-symphonia.png\"><img loading=\"lazy\" decoding=\"async\" class=\"aligncenter size-full wp-image-3391\" title=\"grupo symphonia\" src=\"https:\/\/www.clubritmicasantfeliu.net\/wordpress\/wp-content\/uploads\/2012\/11\/grupo-symphonia.png\" alt=\"\" width=\"959\" height=\"428\" srcset=\"https:\/\/www.clubritmicasantfeliu.net\/wordpress\/wp-content\/uploads\/2012\/11\/grupo-symphonia.png 959w, https:\/\/www.clubritmicasantfeliu.net\/wordpress\/wp-content\/uploads\/2012\/11\/grupo-symphonia-600x268.png 600w, https:\/\/www.clubritmicasantfeliu.net\/wordpress\/wp-content\/uploads\/2012\/11\/grupo-symphonia-300x133.png 300w\" sizes=\"(max-width: 959px) 100vw, 959px\" \/><\/a><\/p>\n","protected":false},"excerpt":{"rendered":"<p>El pr\u00f3ximo fin de semana nuestro equipo de Gimnasia Est\u00e9tica viajan a Albacete para participar, en lo que ser\u00e1 su primera competici\u00f3n oficial, la 1\u00aa fase de la Copa de Espa\u00f1a y por esto su entrenadora Anna Castellano pide: \u00abESTE JUEVES 29 A LAS 20.30 EL CLUB RITMICA SANT FELIU DE GIMNASIA ESTETICA PRESENTAR\u00c1 EL [&hellip;]<\/p>\n","protected":false},"author":1,"featured_media":3391,"comment_status":"closed","ping_status":"open","sticky":false,"template":"","format":"standard","meta":{"footnotes":""},"categories":[1],"tags":[],"_links":{"self":[{"href":"https:\/\/www.clubritmicasantfeliu.net\/wordpress\/wp-json\/wp\/v2\/posts\/3390"}],"collection":[{"href":"https:\/\/www.clubritmicasantfeliu.net\/wordpress\/wp-json\/wp\/v2\/posts"}],"about":[{"href":"https:\/\/www.clubritmicasantfeliu.net\/wordpress\/wp-json\/wp\/v2\/types\/post"}],"author":[{"embeddable":true,"href":"https:\/\/www.clubritmicasantfeliu.net\/wordpress\/wp-json\/wp\/v2\/users\/1"}],"replies":[{"embeddable":true,"href":"https:\/\/www.clubritmicasantfeliu.net\/wordpress\/wp-json\/wp\/v2\/comments?post=3390"}],"version-history":[{"count":5,"href":"https:\/\/www.clubritmicasantfeliu.net\/wordpress\/wp-json\/wp\/v2\/posts\/3390\/revisions"}],"predecessor-version":[{"id":3396,"href":"https:\/\/www.clubritmicasantfeliu.net\/wordpress\/wp-json\/wp\/v2\/posts\/3390\/revisions\/3396"}],"wp:featuredmedia":[{"embeddable":true,"href":"https:\/\/www.clubritmicasantfeliu.net\/wordpress\/wp-json\/wp\/v2\/media\/3391"}],"wp:attachment":[{"href":"https:\/\/www.clubritmicasantfeliu.net\/wordpress\/wp-json\/wp\/v2\/media?parent=3390"}],"wp:term":[{"taxonomy":"category","embeddable":true,"href":"https:\/\/www.clubritmicasantfeliu.net\/wordpress\/wp-json\/wp\/v2\/categories?post=3390"},{"taxonomy":"post_tag","embeddable":true,"href":"https:\/\/www.clubritmicasantfeliu.net\/wordpress\/wp-json\/wp\/v2\/tags?post=3390"}],"curies":[{"name":"wp","href":"https:\/\/api.w.org\/{rel}","templated":true}]}}