{"id":3069,"date":"2011-04-28T18:11:41","date_gmt":"2011-04-28T18:11:41","guid":{"rendered":"http:\/\/www.clubritmicasantfeliu.net\/wordpress\/?p=3069"},"modified":"2012-06-28T18:20:03","modified_gmt":"2012-06-28T18:20:03","slug":"xvi-copa-de-espana-de-la-reina-dona-sofia-valladolid","status":"publish","type":"post","link":"https:\/\/www.clubritmicasantfeliu.net\/wordpress\/xvi-copa-de-espana-de-la-reina-dona-sofia-valladolid\/","title":{"rendered":"XVI Copa De Espa\u00f1a De La Reina Do\u00f1a Sof\u00eda"},"content":{"rendered":"<p><strong>XVI Copa De Espa\u00f1a De La Reina Do\u00f1a Sof\u00eda (Valladolid)<\/strong><\/p>\n<p><strong>16-abr-2011<\/strong><\/p>\n<p>Medalla de Plata<\/p>\n<p>CATALUNYA<\/p>\n<ul>\n<li>Anabel\u00a0Barriel\u00a0Valenzuela \u00a0Cuerda \u00a016,900<\/li>\n<li><strong>Julia\u00a0Us\u00f3n\u00a0Carvajal<\/strong> \u00a0Aro \u00a022,167<\/li>\n<li>Marina\u00a0Fern\u00e1ndez\u00a0Moreno \u00a0Pelota \u00a022,233<\/li>\n<li><strong>Julia\u00a0Us\u00f3n\u00a0Carvajal<\/strong> \u00a0Mazas \u00a022,150<\/li>\n<li>Marina\u00a0Fern\u00e1ndez\u00a0Moreno \u00a0Cinta \u00a023,750<\/li>\n<\/ul>\n<p>&nbsp;<\/p>\n<div><\/div>\n<div><\/div>\n","protected":false},"excerpt":{"rendered":"<p>XVI Copa De Espa\u00f1a De La Reina Do\u00f1a Sof\u00eda (Valladolid) 16-abr-2011 Medalla de Plata CATALUNYA Anabel\u00a0Barriel\u00a0Valenzuela \u00a0Cuerda \u00a016,900 Julia\u00a0Us\u00f3n\u00a0Carvajal \u00a0Aro \u00a022,167 Marina\u00a0Fern\u00e1ndez\u00a0Moreno \u00a0Pelota \u00a022,233 Julia\u00a0Us\u00f3n\u00a0Carvajal \u00a0Mazas \u00a022,150 Marina\u00a0Fern\u00e1ndez\u00a0Moreno \u00a0Cinta \u00a023,750 &nbsp;<\/p>\n","protected":false},"author":1,"featured_media":3070,"comment_status":"closed","ping_status":"open","sticky":false,"template":"","format":"standard","meta":{"footnotes":""},"categories":[7],"tags":[],"_links":{"self":[{"href":"https:\/\/www.clubritmicasantfeliu.net\/wordpress\/wp-json\/wp\/v2\/posts\/3069"}],"collection":[{"href":"https:\/\/www.clubritmicasantfeliu.net\/wordpress\/wp-json\/wp\/v2\/posts"}],"about":[{"href":"https:\/\/www.clubritmicasantfeliu.net\/wordpress\/wp-json\/wp\/v2\/types\/post"}],"author":[{"embeddable":true,"href":"https:\/\/www.clubritmicasantfeliu.net\/wordpress\/wp-json\/wp\/v2\/users\/1"}],"replies":[{"embeddable":true,"href":"https:\/\/www.clubritmicasantfeliu.net\/wordpress\/wp-json\/wp\/v2\/comments?post=3069"}],"version-history":[{"count":4,"href":"https:\/\/www.clubritmicasantfeliu.net\/wordpress\/wp-json\/wp\/v2\/posts\/3069\/revisions"}],"predecessor-version":[{"id":3074,"href":"https:\/\/www.clubritmicasantfeliu.net\/wordpress\/wp-json\/wp\/v2\/posts\/3069\/revisions\/3074"}],"wp:featuredmedia":[{"embeddable":true,"href":"https:\/\/www.clubritmicasantfeliu.net\/wordpress\/wp-json\/wp\/v2\/media\/3070"}],"wp:attachment":[{"href":"https:\/\/www.clubritmicasantfeliu.net\/wordpress\/wp-json\/wp\/v2\/media?parent=3069"}],"wp:term":[{"taxonomy":"category","embeddable":true,"href":"https:\/\/www.clubritmicasantfeliu.net\/wordpress\/wp-json\/wp\/v2\/categories?post=3069"},{"taxonomy":"post_tag","embeddable":true,"href":"https:\/\/www.clubritmicasantfeliu.net\/wordpress\/wp-json\/wp\/v2\/tags?post=3069"}],"curies":[{"name":"wp","href":"https:\/\/api.w.org\/{rel}","templated":true}]}}