{"id":2821,"date":"2012-04-10T11:51:26","date_gmt":"2012-04-10T11:51:26","guid":{"rendered":"http:\/\/www.clubritmicasantfeliu.net\/wordpress\/?p=2821"},"modified":"2012-04-10T15:24:25","modified_gmt":"2012-04-10T15:24:25","slug":"campeonato-de-espana-base-2012","status":"publish","type":"post","link":"https:\/\/www.clubritmicasantfeliu.net\/wordpress\/campeonato-de-espana-base-2012\/","title":{"rendered":"Campeonato de Espa\u00f1a Base 2012"},"content":{"rendered":"<ul>\n<li>El pr\u00f3ximo fin de semana del 20 al 22 de Abril, Ainoa Lago y Carla Villarreal, participar\u00e1n el el Campeonato de Espa\u00f1a Base en Benidorm.<\/li>\n<li>MUCHA SUERTE A LAS DOS<\/li>\n<li><a href=\"https:\/\/www.clubritmicasantfeliu.net\/wordpress\/wp-content\/uploads\/2012\/04\/ORDEN-PASO-CTO-BASE-INDV-GR-2012.pdf\">ORDEN PASO CTO BASE INDV GR 2012<\/a><\/li>\n<\/ul>\n<div id='gallery-1' class='gallery galleryid-2821 gallery-columns-4 gallery-size-thumbnail'><figure class='gallery-item'>\n\t\t\t<div class='gallery-icon portrait'>\n\t\t\t\t<a href='https:\/\/www.clubritmicasantfeliu.net\/wordpress\/wp-content\/uploads\/2012\/04\/AINOA-20121.png'><img loading=\"lazy\" decoding=\"async\" width=\"150\" height=\"150\" src=\"https:\/\/www.clubritmicasantfeliu.net\/wordpress\/wp-content\/uploads\/2012\/04\/AINOA-20121-150x150.png\" class=\"attachment-thumbnail size-thumbnail\" alt=\"\" srcset=\"https:\/\/www.clubritmicasantfeliu.net\/wordpress\/wp-content\/uploads\/2012\/04\/AINOA-20121-150x150.png 150w, https:\/\/www.clubritmicasantfeliu.net\/wordpress\/wp-content\/uploads\/2012\/04\/AINOA-20121-300x300.png 300w, https:\/\/www.clubritmicasantfeliu.net\/wordpress\/wp-content\/uploads\/2012\/04\/AINOA-20121-100x100.png 100w, https:\/\/www.clubritmicasantfeliu.net\/wordpress\/wp-content\/uploads\/2012\/04\/AINOA-20121-76x76.png 76w\" sizes=\"(max-width: 150px) 100vw, 150px\" \/><\/a>\n\t\t\t<\/div><\/figure><figure class='gallery-item'>\n\t\t\t<div class='gallery-icon portrait'>\n\t\t\t\t<a href='https:\/\/www.clubritmicasantfeliu.net\/wordpress\/wp-content\/uploads\/2012\/04\/CARLA-2012.png'><img loading=\"lazy\" decoding=\"async\" width=\"150\" height=\"150\" src=\"https:\/\/www.clubritmicasantfeliu.net\/wordpress\/wp-content\/uploads\/2012\/04\/CARLA-2012-150x150.png\" class=\"attachment-thumbnail size-thumbnail\" alt=\"\" srcset=\"https:\/\/www.clubritmicasantfeliu.net\/wordpress\/wp-content\/uploads\/2012\/04\/CARLA-2012-150x150.png 150w, https:\/\/www.clubritmicasantfeliu.net\/wordpress\/wp-content\/uploads\/2012\/04\/CARLA-2012-300x300.png 300w, https:\/\/www.clubritmicasantfeliu.net\/wordpress\/wp-content\/uploads\/2012\/04\/CARLA-2012-100x100.png 100w, https:\/\/www.clubritmicasantfeliu.net\/wordpress\/wp-content\/uploads\/2012\/04\/CARLA-2012-76x76.png 76w\" sizes=\"(max-width: 150px) 100vw, 150px\" \/><\/a>\n\t\t\t<\/div><\/figure>\n\t\t<\/div>\n\n","protected":false},"excerpt":{"rendered":"<p>El pr\u00f3ximo fin de semana del 20 al 22 de Abril, Ainoa Lago y Carla Villarreal, participar\u00e1n el el Campeonato de Espa\u00f1a Base en Benidorm. MUCHA SUERTE A LAS DOS ORDEN PASO CTO BASE INDV GR 2012<\/p>\n","protected":false},"author":1,"featured_media":0,"comment_status":"closed","ping_status":"open","sticky":false,"template":"","format":"standard","meta":{"footnotes":""},"categories":[1],"tags":[],"_links":{"self":[{"href":"https:\/\/www.clubritmicasantfeliu.net\/wordpress\/wp-json\/wp\/v2\/posts\/2821"}],"collection":[{"href":"https:\/\/www.clubritmicasantfeliu.net\/wordpress\/wp-json\/wp\/v2\/posts"}],"about":[{"href":"https:\/\/www.clubritmicasantfeliu.net\/wordpress\/wp-json\/wp\/v2\/types\/post"}],"author":[{"embeddable":true,"href":"https:\/\/www.clubritmicasantfeliu.net\/wordpress\/wp-json\/wp\/v2\/users\/1"}],"replies":[{"embeddable":true,"href":"https:\/\/www.clubritmicasantfeliu.net\/wordpress\/wp-json\/wp\/v2\/comments?post=2821"}],"version-history":[{"count":4,"href":"https:\/\/www.clubritmicasantfeliu.net\/wordpress\/wp-json\/wp\/v2\/posts\/2821\/revisions"}],"predecessor-version":[{"id":2826,"href":"https:\/\/www.clubritmicasantfeliu.net\/wordpress\/wp-json\/wp\/v2\/posts\/2821\/revisions\/2826"}],"wp:attachment":[{"href":"https:\/\/www.clubritmicasantfeliu.net\/wordpress\/wp-json\/wp\/v2\/media?parent=2821"}],"wp:term":[{"taxonomy":"category","embeddable":true,"href":"https:\/\/www.clubritmicasantfeliu.net\/wordpress\/wp-json\/wp\/v2\/categories?post=2821"},{"taxonomy":"post_tag","embeddable":true,"href":"https:\/\/www.clubritmicasantfeliu.net\/wordpress\/wp-json\/wp\/v2\/tags?post=2821"}],"curies":[{"name":"wp","href":"https:\/\/api.w.org\/{rel}","templated":true}]}}