{"id":2672,"date":"2012-01-22T10:43:31","date_gmt":"2012-01-22T10:43:31","guid":{"rendered":"http:\/\/www.clubritmicasantfeliu.net\/wordpress\/?p=2672"},"modified":"2012-01-23T22:17:28","modified_gmt":"2012-01-23T22:17:28","slug":"1%c2%aa-fase-jjees-alevininfantil","status":"publish","type":"post","link":"https:\/\/www.clubritmicasantfeliu.net\/wordpress\/1%c2%aa-fase-jjees-alevininfantil\/","title":{"rendered":"1\u00aa Fase JJEE&#8217;s Alev\u00edn\/Infantil"},"content":{"rendered":"<ul>\n<li>21\/01\/2012<\/li>\n<\/ul>\n<p>&nbsp;<\/p>\n<blockquote>\n<ul>\n<li>1\u00aa Fase JJEE&#8217;s celebrada en nuestras instalaciones y con grandes resultados, 5 podium de 13 participantes<\/li>\n<li>Infantil A: Merche Carmona 1a,\u00a0Anastasia SoKolenko 2a<\/li>\n<li>Alev\u00edn B: Anna del Campo 2a<\/li>\n<li>Alev\u00edn A: Ainoa S\u00e1nchez 1a,\u00a0Soraya Rodr\u00edguez 3\u00aa,<\/li>\n<li>Carla Balcells 6a<\/li>\n<li>Infantil B: Ya\u00ebl Gonz\u00e1lez 6a<\/li>\n<li>Tambien y con excelentes resultados: Mireia Gran\u00e9, Mireia Jimenez, Laura Pauner, Judith Gomez, Ariadna Alvarez y Gemma Vernet.<\/li>\n<\/ul>\n<p>FELICIDADES A TODAS ,CAMPEONAS!!<\/p><\/blockquote>\n<ul>\n<li><a href=\"https:\/\/www.clubritmicasantfeliu.net\/wordpress\/wp-content\/uploads\/2012\/01\/clasificacion-21-1-2012.pdf\">clasificacion 21-1-2012<\/a><\/li>\n<\/ul>\n<div><a href=\"https:\/\/www.clubritmicasantfeliu.net\/wordpress\/wp-content\/uploads\/2012\/01\/20122.jpg\"><img loading=\"lazy\" decoding=\"async\" class=\"alignnone size-medium wp-image-2688\" title=\"2012\" src=\"https:\/\/www.clubritmicasantfeliu.net\/wordpress\/wp-content\/uploads\/2012\/01\/20122-300x214.jpg\" alt=\"\" width=\"300\" height=\"214\" srcset=\"https:\/\/www.clubritmicasantfeliu.net\/wordpress\/wp-content\/uploads\/2012\/01\/20122-300x214.jpg 300w, https:\/\/www.clubritmicasantfeliu.net\/wordpress\/wp-content\/uploads\/2012\/01\/20122-600x429.jpg 600w, https:\/\/www.clubritmicasantfeliu.net\/wordpress\/wp-content\/uploads\/2012\/01\/20122.jpg 960w\" sizes=\"(max-width: 300px) 100vw, 300px\" \/><\/a>\u00a0<a href=\"https:\/\/www.clubritmicasantfeliu.net\/wordpress\/wp-content\/uploads\/2012\/01\/20121.jpg\"><img loading=\"lazy\" decoding=\"async\" class=\"alignnone size-medium wp-image-2687\" title=\"2012\" src=\"https:\/\/www.clubritmicasantfeliu.net\/wordpress\/wp-content\/uploads\/2012\/01\/20121-179x300.jpg\" alt=\"\" width=\"179\" height=\"300\" \/><\/a>\u00a0<a href=\"https:\/\/www.clubritmicasantfeliu.net\/wordpress\/wp-content\/uploads\/2012\/01\/2012.jpg\"><img loading=\"lazy\" decoding=\"async\" class=\"alignnone size-medium wp-image-2686\" title=\"2012\" src=\"https:\/\/www.clubritmicasantfeliu.net\/wordpress\/wp-content\/uploads\/2012\/01\/2012-300x237.jpg\" alt=\"\" width=\"300\" height=\"237\" srcset=\"https:\/\/www.clubritmicasantfeliu.net\/wordpress\/wp-content\/uploads\/2012\/01\/2012-300x237.jpg 300w, https:\/\/www.clubritmicasantfeliu.net\/wordpress\/wp-content\/uploads\/2012\/01\/2012-600x474.jpg 600w, https:\/\/www.clubritmicasantfeliu.net\/wordpress\/wp-content\/uploads\/2012\/01\/2012.jpg 960w\" sizes=\"(max-width: 300px) 100vw, 300px\" \/><\/a><\/div>\n<p>&nbsp;<\/p>\n","protected":false},"excerpt":{"rendered":"<p>21\/01\/2012 &nbsp; 1\u00aa Fase JJEE&#8217;s celebrada en nuestras instalaciones y con grandes resultados, 5 podium de 13 participantes Infantil A: Merche Carmona 1a,\u00a0Anastasia SoKolenko 2a Alev\u00edn B: Anna del Campo 2a Alev\u00edn A: Ainoa S\u00e1nchez 1a,\u00a0Soraya Rodr\u00edguez 3\u00aa, Carla Balcells 6a Infantil B: Ya\u00ebl Gonz\u00e1lez 6a Tambien y con excelentes resultados: Mireia Gran\u00e9, Mireia Jimenez, [&hellip;]<\/p>\n","protected":false},"author":1,"featured_media":2699,"comment_status":"closed","ping_status":"closed","sticky":false,"template":"","format":"standard","meta":{"footnotes":""},"categories":[84,1],"tags":[253,12],"_links":{"self":[{"href":"https:\/\/www.clubritmicasantfeliu.net\/wordpress\/wp-json\/wp\/v2\/posts\/2672"}],"collection":[{"href":"https:\/\/www.clubritmicasantfeliu.net\/wordpress\/wp-json\/wp\/v2\/posts"}],"about":[{"href":"https:\/\/www.clubritmicasantfeliu.net\/wordpress\/wp-json\/wp\/v2\/types\/post"}],"author":[{"embeddable":true,"href":"https:\/\/www.clubritmicasantfeliu.net\/wordpress\/wp-json\/wp\/v2\/users\/1"}],"replies":[{"embeddable":true,"href":"https:\/\/www.clubritmicasantfeliu.net\/wordpress\/wp-json\/wp\/v2\/comments?post=2672"}],"version-history":[{"count":14,"href":"https:\/\/www.clubritmicasantfeliu.net\/wordpress\/wp-json\/wp\/v2\/posts\/2672\/revisions"}],"predecessor-version":[{"id":2694,"href":"https:\/\/www.clubritmicasantfeliu.net\/wordpress\/wp-json\/wp\/v2\/posts\/2672\/revisions\/2694"}],"wp:featuredmedia":[{"embeddable":true,"href":"https:\/\/www.clubritmicasantfeliu.net\/wordpress\/wp-json\/wp\/v2\/media\/2699"}],"wp:attachment":[{"href":"https:\/\/www.clubritmicasantfeliu.net\/wordpress\/wp-json\/wp\/v2\/media?parent=2672"}],"wp:term":[{"taxonomy":"category","embeddable":true,"href":"https:\/\/www.clubritmicasantfeliu.net\/wordpress\/wp-json\/wp\/v2\/categories?post=2672"},{"taxonomy":"post_tag","embeddable":true,"href":"https:\/\/www.clubritmicasantfeliu.net\/wordpress\/wp-json\/wp\/v2\/tags?post=2672"}],"curies":[{"name":"wp","href":"https:\/\/api.w.org\/{rel}","templated":true}]}}