{"id":131,"date":"2010-08-27T15:36:19","date_gmt":"2010-08-27T15:36:19","guid":{"rendered":"http:\/\/localhost:80\/wordpress\/?p=131"},"modified":"2011-10-13T11:56:52","modified_gmt":"2011-10-13T11:56:52","slug":"pesaro-2010","status":"publish","type":"post","link":"https:\/\/www.clubritmicasantfeliu.net\/wordpress\/pesaro-2010\/","title":{"rendered":"Pesaro 2010"},"content":{"rendered":"<ul>\n<li><strong>del 26 al 28 d&#8217;agosto 2010<\/strong><\/li>\n<li><strong><\/strong><strong>World Cup PESARO 2010<\/strong><\/li>\n<li><strong><\/strong><strong>24 en la general,\u00a0<\/strong><strong>23 en pelota ,\u00a0<\/strong><strong>25 en cinta ,\u00a0<\/strong><strong>24 en cuerda ,\u00a0<\/strong><strong>37 en aro\u00a0<\/strong><\/li>\n<\/ul>\n<p>Las gimnastas de la\u00a0selecci\u00f3n espa\u00f1ola MAPFRE de Gimnasia R\u00edtmica,\u00a0Natalia Garc\u00eda, Julia Us\u00f3n y Marina Fern\u00e1ndez, han participado en la Copa del Mundo de Pesaro (Italia), de cara a su preparaci\u00f3n del pr\u00f3ximo Campeonato del Mundo, cuajando una buena actuaci\u00f3n y dejando una muy buena imagen y en general obteniendo buenas notas.<\/p>\n<p>Con una participaci\u00f3n muy numerosa, Julia consigui\u00f3 el puesto 24 de la clasficaci\u00f3n, siendo la m\u00e1s regular de las gimnastas espa\u00f1olas. Marina realiz\u00f3 tres ejercicios muy buenos, sin embargo un fallo en cinta, le releg\u00f3 al puesto 30. Natalia, en su primera competici\u00f3n internacional como s\u00e9nior y despu\u00e9s de su lesi\u00f3n y a pesar de los l\u00f3gicos nervios, dej\u00f3 en el tapiz unas sensaciones muy buenas, algo que hay que valorarselo muy positivamente, por todo el esfuerzo realizado para llegar hasta aqu\u00ed.<\/p>\n<p>A partir de ahora, toca seguir trabajando y preparar el Campeonato del Mundo y afrontarlo en las mejores condiciones.<\/p>\n<p>Enhorabuena!!<\/p>\n","protected":false},"excerpt":{"rendered":"<p>del 26 al 28 d&#8217;agosto 2010 World Cup PESARO 2010 24 en la general,\u00a023 en pelota ,\u00a025 en cinta ,\u00a024 en cuerda ,\u00a037 en aro\u00a0 Las gimnastas de la\u00a0selecci\u00f3n espa\u00f1ola MAPFRE de Gimnasia R\u00edtmica,\u00a0Natalia Garc\u00eda, Julia Us\u00f3n y Marina Fern\u00e1ndez, han participado en la Copa del Mundo de Pesaro (Italia), de cara a su preparaci\u00f3n [&hellip;]<\/p>\n","protected":false},"author":1,"featured_media":1408,"comment_status":"closed","ping_status":"closed","sticky":false,"template":"","format":"standard","meta":{"footnotes":""},"categories":[7,6],"tags":[248],"_links":{"self":[{"href":"https:\/\/www.clubritmicasantfeliu.net\/wordpress\/wp-json\/wp\/v2\/posts\/131"}],"collection":[{"href":"https:\/\/www.clubritmicasantfeliu.net\/wordpress\/wp-json\/wp\/v2\/posts"}],"about":[{"href":"https:\/\/www.clubritmicasantfeliu.net\/wordpress\/wp-json\/wp\/v2\/types\/post"}],"author":[{"embeddable":true,"href":"https:\/\/www.clubritmicasantfeliu.net\/wordpress\/wp-json\/wp\/v2\/users\/1"}],"replies":[{"embeddable":true,"href":"https:\/\/www.clubritmicasantfeliu.net\/wordpress\/wp-json\/wp\/v2\/comments?post=131"}],"version-history":[{"count":5,"href":"https:\/\/www.clubritmicasantfeliu.net\/wordpress\/wp-json\/wp\/v2\/posts\/131\/revisions"}],"predecessor-version":[{"id":2555,"href":"https:\/\/www.clubritmicasantfeliu.net\/wordpress\/wp-json\/wp\/v2\/posts\/131\/revisions\/2555"}],"wp:featuredmedia":[{"embeddable":true,"href":"https:\/\/www.clubritmicasantfeliu.net\/wordpress\/wp-json\/wp\/v2\/media\/1408"}],"wp:attachment":[{"href":"https:\/\/www.clubritmicasantfeliu.net\/wordpress\/wp-json\/wp\/v2\/media?parent=131"}],"wp:term":[{"taxonomy":"category","embeddable":true,"href":"https:\/\/www.clubritmicasantfeliu.net\/wordpress\/wp-json\/wp\/v2\/categories?post=131"},{"taxonomy":"post_tag","embeddable":true,"href":"https:\/\/www.clubritmicasantfeliu.net\/wordpress\/wp-json\/wp\/v2\/tags?post=131"}],"curies":[{"name":"wp","href":"https:\/\/api.w.org\/{rel}","templated":true}]}}