{"id":6,"count":17,"description":"-Gimnasta del Club R\u00edtmica. -Componente de la seclecci\u00f3n Espa\u00f1ola de Gimnasia R\u00edtmica. - Entrena en el CAR Sant Cugat, bajo la tutela de Iratxe","link":"https:\/\/www.clubritmicasantfeliu.net\/wordpress\/category\/julia-uson\/","name":"J\u00falia Us\u00f3n","slug":"julia-uson","taxonomy":"category","parent":0,"meta":[],"_links":{"self":[{"href":"https:\/\/www.clubritmicasantfeliu.net\/wordpress\/wp-json\/wp\/v2\/categories\/6"}],"collection":[{"href":"https:\/\/www.clubritmicasantfeliu.net\/wordpress\/wp-json\/wp\/v2\/categories"}],"about":[{"href":"https:\/\/www.clubritmicasantfeliu.net\/wordpress\/wp-json\/wp\/v2\/taxonomies\/category"}],"wp:post_type":[{"href":"https:\/\/www.clubritmicasantfeliu.net\/wordpress\/wp-json\/wp\/v2\/posts?categories=6"}],"curies":[{"name":"wp","href":"https:\/\/api.w.org\/{rel}","templated":true}]}}